{"id":1011,"date":"2018-05-31T14:26:02","date_gmt":"2018-05-31T14:26:02","guid":{"rendered":"http:\/\/fionaendres.ch\/Wordpress\/?p=1011"},"modified":"2020-04-27T12:12:08","modified_gmt":"2020-04-27T12:12:08","slug":"kuenstler-vs-politiker-schauspieler-empoert-ueber-inlaendervorrang","status":"publish","type":"post","link":"https:\/\/fionaendres.ch\/Wordpress\/kuenstler-vs-politiker-schauspieler-empoert-ueber-inlaendervorrang\/","title":{"rendered":"K\u00fcnstler vs. Politiker: Schauspieler emp\u00f6rt \u00fcber Inl\u00e4ndervorrang"},"content":{"rendered":"<p>Theater\u2013 und Filmschaffende sind in Aufruhr. Der sogenannte Inl\u00e4ndervorrang wird ab 1. Juli auch f\u00fcr Schauspieler gelten. Theaterregisseure und Filmproduzenten werden zuallererst arbeitslose, inl\u00e4ndische Schauspieler ber\u00fccksichtigen m\u00fcssen. Die Branche protestiert und fordert den Bund auf, die Schauspieler aus der Inl\u00e4ndervorrang-Liste zu streichen. Schauspielerei sei Kunst und kein Arbeitslosenprogramm.<\/p>\n<p>Meine Recherche f\u00fchrte mich vom Schauspielhaus Pfauen bis ans Theater St. Gallen und ins B\u00fcro des &#8220;Mein Name ist Eugen&#8221;-Regisseurs Michael Steiner. Er hatte eine klare Meinung zum Inl\u00e4ndervorrang f\u00fcr Schauspieler:<\/p>\n<div style=\"width: 525px;\" class=\"wp-video\"><!--[if lt IE 9]><script>document.createElement('video');<\/script><![endif]-->\n<video class=\"wp-video-shortcode\" id=\"video-1011-1\" width=\"525\" height=\"317\" preload=\"metadata\" controls=\"controls\"><source type=\"video\/mp4\" src=\"http:\/\/fionaendres.ch\/Wordpress\/wp-content\/uploads\/2018\/05\/steiner.m4v?_=1\" \/><a href=\"http:\/\/fionaendres.ch\/Wordpress\/wp-content\/uploads\/2018\/05\/steiner.m4v\">http:\/\/fionaendres.ch\/Wordpress\/wp-content\/uploads\/2018\/05\/steiner.m4v<\/a><\/video><\/div>\n<p>Die ganze Story gibt es <a href=\"https:\/\/www.srf.ch\/play\/tv\/redirect\/detail\/912f3216-6f67-4223-a81d-6b37c7b209e4\">hier<\/a> zum Schauen. Und <a href=\"https:\/\/www.srf.ch\/news\/schweiz\/inlaendervorrang-im-kino-schauspieler-gegen-politiker-wenn-der-staat-die-rollen-besetzt\">hier<\/a> zum Lesen.<\/p>\n","protected":false},"excerpt":{"rendered":"<p>Theater\u2013 und Filmschaffende sind in Aufruhr. Der sogenannte Inl\u00e4ndervorrang wird ab 1. Juli auch f\u00fcr Schauspieler gelten. Theaterregisseure und Filmproduzenten werden zuallererst arbeitslose, inl\u00e4ndische Schauspieler ber\u00fccksichtigen m\u00fcssen. Die Branche protestiert und fordert den Bund auf, die Schauspieler aus der Inl\u00e4ndervorrang-Liste zu streichen. Schauspielerei sei Kunst und kein Arbeitslosenprogramm. Meine Recherche f\u00fchrte mich vom Schauspielhaus Pfauen &hellip; <\/p>\n<p class=\"link-more\"><a href=\"https:\/\/fionaendres.ch\/Wordpress\/kuenstler-vs-politiker-schauspieler-empoert-ueber-inlaendervorrang\/\" class=\"more-link\"><span class=\"screen-reader-text\">\u201eK\u00fcnstler vs. Politiker: Schauspieler emp\u00f6rt \u00fcber Inl\u00e4ndervorrang\u201c<\/span> weiterlesen<\/a><\/p>\n","protected":false},"author":2,"featured_media":0,"comment_status":"closed","ping_status":"open","sticky":false,"template":"","format":"standard","meta":{"ngg_post_thumbnail":0,"jetpack_post_was_ever_published":false,"_jetpack_newsletter_access":"","_jetpack_dont_email_post_to_subs":false,"_jetpack_newsletter_tier_id":0,"_jetpack_memberships_contains_paywalled_content":false,"_jetpack_memberships_contains_paid_content":false,"footnotes":""},"categories":[31],"tags":[],"class_list":["post-1011","post","type-post","status-publish","format-standard","hentry","category-reportagen"],"jetpack_featured_media_url":"","jetpack_sharing_enabled":true,"jetpack_shortlink":"https:\/\/wp.me\/p6q6BC-gj","jetpack-related-posts":[],"_links":{"self":[{"href":"https:\/\/fionaendres.ch\/Wordpress\/wp-json\/wp\/v2\/posts\/1011"}],"collection":[{"href":"https:\/\/fionaendres.ch\/Wordpress\/wp-json\/wp\/v2\/posts"}],"about":[{"href":"https:\/\/fionaendres.ch\/Wordpress\/wp-json\/wp\/v2\/types\/post"}],"author":[{"embeddable":true,"href":"https:\/\/fionaendres.ch\/Wordpress\/wp-json\/wp\/v2\/users\/2"}],"replies":[{"embeddable":true,"href":"https:\/\/fionaendres.ch\/Wordpress\/wp-json\/wp\/v2\/comments?post=1011"}],"version-history":[{"count":4,"href":"https:\/\/fionaendres.ch\/Wordpress\/wp-json\/wp\/v2\/posts\/1011\/revisions"}],"predecessor-version":[{"id":1018,"href":"https:\/\/fionaendres.ch\/Wordpress\/wp-json\/wp\/v2\/posts\/1011\/revisions\/1018"}],"wp:attachment":[{"href":"https:\/\/fionaendres.ch\/Wordpress\/wp-json\/wp\/v2\/media?parent=1011"}],"wp:term":[{"taxonomy":"category","embeddable":true,"href":"https:\/\/fionaendres.ch\/Wordpress\/wp-json\/wp\/v2\/categories?post=1011"},{"taxonomy":"post_tag","embeddable":true,"href":"https:\/\/fionaendres.ch\/Wordpress\/wp-json\/wp\/v2\/tags?post=1011"}],"curies":[{"name":"wp","href":"https:\/\/api.w.org\/{rel}","templated":true}]}}