{"id":170,"date":"2015-10-16T15:54:48","date_gmt":"2015-10-16T15:54:48","guid":{"rendered":"http:\/\/fionaendres.ch\/Wordpress\/?p=170"},"modified":"2016-10-17T09:02:26","modified_gmt":"2016-10-17T09:02:26","slug":"die-maechtigen-von-bern","status":"publish","type":"post","link":"https:\/\/fionaendres.ch\/Wordpress\/die-maechtigen-von-bern\/","title":{"rendered":"Die M\u00e4chtigen von Bern"},"content":{"rendered":"<p>Die laufende Legislatur des Schweizer Parlaments neigt sich dem Ende zu. Vier Jahre haben die gew\u00e4hlten Politiker im Nationalrat und im &#8220;St\u00f6ckli&#8221; \u00fcberlegt, diskutiert, die H\u00e4nde gerungen und gestritten. Doch wer hat wirklich Macht im Bundeshaus? Und wer spielt nur eine Statistenrolle?<\/p>\n<p>In einem grossen Parlamentarier-Rating wurde jeder einzelne Politiker bewertet. Die Kategorien waren ihre Aufgaben in Kommissionen, Parlament und ihrer Partei, aber auch Medienpr\u00e4senz und das Kollegenurteil. Dieses Jahr ist das Rating sogar multimedial!<\/p>\n<p>Sieger des Ratings ist SP-Pr\u00e4sident Christian Levrat&#8230;<\/p>\n<p><span class=\"embed-youtube\" style=\"text-align:center; display: block;\"><iframe loading=\"lazy\" class=\"youtube-player\" width=\"525\" height=\"296\" src=\"https:\/\/www.youtube.com\/embed\/y7B1au2ZCTg?version=3&#038;rel=1&#038;showsearch=0&#038;showinfo=1&#038;iv_load_policy=1&#038;fs=1&#038;hl=de-DE&#038;autohide=2&#038;wmode=transparent\" allowfullscreen=\"true\" style=\"border:0;\" sandbox=\"allow-scripts allow-same-origin allow-popups allow-presentation allow-popups-to-escape-sandbox\"><\/iframe><\/span><\/p>\n<p>Das ganze Projekt gibt es hier:\u00a0<strong><a href=\"http:\/\/dok.sonntagszeitung.ch\/2015\/politrating\/\">DAS PARLAMENTARIER-RATING<\/a><\/strong><\/p>\n","protected":false},"excerpt":{"rendered":"<p>Die laufende Legislatur des Schweizer Parlaments neigt sich dem Ende zu. Vier Jahre haben die gew\u00e4hlten Politiker im Nationalrat und im &#8220;St\u00f6ckli&#8221; \u00fcberlegt, diskutiert, die H\u00e4nde gerungen und gestritten. Doch wer hat wirklich Macht im Bundeshaus? Und wer spielt nur eine Statistenrolle? In einem grossen Parlamentarier-Rating wurde jeder einzelne Politiker bewertet. Die Kategorien waren ihre &hellip; <\/p>\n<p class=\"link-more\"><a href=\"https:\/\/fionaendres.ch\/Wordpress\/die-maechtigen-von-bern\/\" class=\"more-link\"><span class=\"screen-reader-text\">\u201eDie M\u00e4chtigen von Bern\u201c<\/span> weiterlesen<\/a><\/p>\n","protected":false},"author":2,"featured_media":0,"comment_status":"open","ping_status":"open","sticky":false,"template":"","format":"standard","meta":{"ngg_post_thumbnail":0,"jetpack_post_was_ever_published":false,"_jetpack_newsletter_access":"","_jetpack_dont_email_post_to_subs":false,"_jetpack_newsletter_tier_id":0,"_jetpack_memberships_contains_paywalled_content":false,"_jetpack_memberships_contains_paid_content":false,"footnotes":""},"categories":[28,21],"tags":[],"class_list":["post-170","post","type-post","status-publish","format-standard","hentry","category-recherchen","category-aus-meiner-feder"],"jetpack_featured_media_url":"","jetpack_sharing_enabled":true,"jetpack_shortlink":"https:\/\/wp.me\/p6q6BC-2K","jetpack-related-posts":[],"_links":{"self":[{"href":"https:\/\/fionaendres.ch\/Wordpress\/wp-json\/wp\/v2\/posts\/170"}],"collection":[{"href":"https:\/\/fionaendres.ch\/Wordpress\/wp-json\/wp\/v2\/posts"}],"about":[{"href":"https:\/\/fionaendres.ch\/Wordpress\/wp-json\/wp\/v2\/types\/post"}],"author":[{"embeddable":true,"href":"https:\/\/fionaendres.ch\/Wordpress\/wp-json\/wp\/v2\/users\/2"}],"replies":[{"embeddable":true,"href":"https:\/\/fionaendres.ch\/Wordpress\/wp-json\/wp\/v2\/comments?post=170"}],"version-history":[{"count":2,"href":"https:\/\/fionaendres.ch\/Wordpress\/wp-json\/wp\/v2\/posts\/170\/revisions"}],"predecessor-version":[{"id":172,"href":"https:\/\/fionaendres.ch\/Wordpress\/wp-json\/wp\/v2\/posts\/170\/revisions\/172"}],"wp:attachment":[{"href":"https:\/\/fionaendres.ch\/Wordpress\/wp-json\/wp\/v2\/media?parent=170"}],"wp:term":[{"taxonomy":"category","embeddable":true,"href":"https:\/\/fionaendres.ch\/Wordpress\/wp-json\/wp\/v2\/categories?post=170"},{"taxonomy":"post_tag","embeddable":true,"href":"https:\/\/fionaendres.ch\/Wordpress\/wp-json\/wp\/v2\/tags?post=170"}],"curies":[{"name":"wp","href":"https:\/\/api.w.org\/{rel}","templated":true}]}}