{"id":177,"date":"2015-10-21T08:20:25","date_gmt":"2015-10-21T08:20:25","guid":{"rendered":"http:\/\/fionaendres.ch\/Wordpress\/?p=177"},"modified":"2016-10-17T09:02:17","modified_gmt":"2016-10-17T09:02:17","slug":"feiern-mit-geaechteten-krim-ministern","status":"publish","type":"post","link":"https:\/\/fionaendres.ch\/Wordpress\/feiern-mit-geaechteten-krim-ministern\/","title":{"rendered":"Feiern mit ge\u00e4chteten Krim-Ministern"},"content":{"rendered":"<p><strong>Bank-Von-Roll-Pr\u00e4sident liess sich mit Vertretern der annektierten Halbinsel ablichten und kommt nun in Bedr\u00e4ngnis<\/strong><\/p>\n<p class=\"P\">Z\u00fcrich\/Derbent Es war ein rauschendes Fest. Ende September \u00adfeierte die russische Stadt Derbent den 2000. Geburtstag. \u00dcber 500 G\u00e4ste wurden eingeladen, um die goldenen Sandstr\u00e4nde und die \u00adhistorische Stadt zu bejubeln. \u00adUnter ihnen waren Unternehmer und \u00adInvestoren aus ganz Europa, so etwa auch Gerhard Ammann, \u00adPr\u00e4sident der Bank Von Roll.<\/p>\n<p class=\"P\">Zum Fest geh\u00f6rten \u00abviel gutes Essen und viel guter Wein\u00bb, wie ein Besucher erz\u00e4hlt. Bei diesen Feierlichkeiten begegnete Ammann zwei besonderen G\u00e4sten: Ruslan Balbec, Vize-Ministerpr\u00e4sident der von Russland annektierten Halbinsel <span class=\"recomDescriptiveWord\">Krim<\/span>, und Zaur Smirnow, Minister f\u00fcr internationale Beziehungen. Sie erhielten ihre Posten im Februar 2014 durch ein Referendum, das von der EU bis heute nicht anerkannt wird. Auch die Schweiz schloss sich \u00addieser Haltung an.<\/p>\n<p class=\"P\">Ammann hat bei den \u00a0 zwei <span class=\"recomDescriptiveWord\">Krim<\/span>-Ministern offenbar Eindruck gemacht. Nur wenige Tage sp\u00e4ter l\u00e4sst Zaur Smirnow \u00fcber die russische Nachrichtenagentur RIA Novosti verlauten, dass eine Delegation Investoren aus Italien und der Schweiz bald auf die <span class=\"recomDescriptiveWord\">Krim<\/span> reisen werde. Er \u00a0 spricht von erwarteten mehreren Milliarden Dollar. Das habe man w\u00e4hrend der 2000-Jahr-Feier vereinbart.<\/p>\n<p class=\"P\">Ein anderer Besucher best\u00e4tigt, dass sich einige italienische Be\u00adsucher \u00fcber die M\u00f6glichkeiten auf der <span class=\"recomDescriptiveWord\">Krim<\/span>erkundigt haben. Gerhard Ammann, unterwegs mit den \u00a0 Italienern, war der einzige Schweizer Teilnehmer in Derbent.<\/p>\n<p class=\"P\">Die Schweiz beteiligt sich zwar nicht an den Sanktionen der EU gegen Russland. Doch sie hat Massnahmen beschlossen, um ein \u00a0 Umgehen der EU-Sanktionen \u00fcber die Schweiz zu verhindern: unter anderem ein Verbot neuer Gesch\u00e4ftsbeziehungen mit Personen, die im Zusammenhang mit der Annexion der <span class=\"recomDescriptiveWord\">Krim<\/span> stehen. Dazu hat das Staatssekretariat f\u00fcr Wirtschaft (Seco) eine Liste mit \u00abverbotenen\u00bb Personen publiziert. Weder mit \u00adihnen noch mit Per\u00adsonen, die auf deren Anweisung handeln, d\u00fcrfen neue Gesch\u00e4ftsbeziehungen entstehen.<\/p>\n<p class=\"ZT\"><strong>Ammann sagt, er habe kein Interesse, dort zu investieren<\/strong><\/p>\n<p class=\"P\">An erster Stelle der Liste steht der \u00a0 Ministerpr\u00e4sident der <span class=\"recomDescriptiveWord\">Krim<\/span>, Sergei Aksjonow. Ihm direkt unterstellt sind die Minister Ruslan Balbec und Zaur Smirnow, die auf dem Foto den Bank-Von-Roll-Pr\u00e4sidenten in ihre Mitte nahmen.<\/p>\n<p class=\"P\">Der Name Derbent kommt aus \u00a0 dem Persischen und bedeutet \u00abVerschlossenes Tor\u00bb. Und das w\u00e4re es f\u00fcr Ammann besser geblieben. Denn die Episode in Derbent und die offensive Kommunika\u00adtion der beiden <span class=\"recomDescriptiveWord\">Krim<\/span>-Minister bringt ihn in Bedr\u00e4ngnis. Gerhard Ammann stellt klar, er sei als Privatperson auf Einladung eines Bekannten aus Italien in Derbent gewesen und nicht in seiner Funktion als Ver\u00adwaltungsrats\u00adpr\u00e4sident der Bank Von Roll. Als \u00abkulturinteressierte Person\u00bb sei es \u00a0 eine willkommene Gelegenheit ge\u00adwesen, die Stadt kennen zu \u00adlernen. Die nicht staatliche Agentur Interfax berichtete aber, dass \u00adAmmann an Gespr\u00e4chen \u00fcber das touris\u00adtische Potenzial Derbents teil\u00adgenommen habe.<\/p>\n<p class=\"P\">Weiter sagt Ammann, er habe sich an der Feier mit niemandem \u00fcber die <span class=\"recomDescriptiveWord\">Krim<\/span> unterhalten, und \u00addementiert den Bericht von RIA Novosti: \u00abAusserdem habe ich auch kein Interesse, in dieser \u00adRegion zu investieren.\u00bb<\/p>\n<p class=\"P\">Bei Nachfragen zu den Namen Ruslan Balbec und Zaur Smirnow gibt Ammann an, diese nicht zu kennen. Er sei rein zuf\u00e4llig mit den beiden <span class=\"recomDescriptiveWord\">Krim<\/span>-Ministern fotografiert worden.<\/p>\n<p class=\"P\"><i>Erschienen am 18. Oktober 2015 in der SonntagsZeitung<\/i><\/p>\n","protected":false},"excerpt":{"rendered":"<p>Bank-Von-Roll-Pr\u00e4sident liess sich mit Vertretern der annektierten Halbinsel ablichten und kommt nun in Bedr\u00e4ngnis Z\u00fcrich\/Derbent Es war ein rauschendes Fest. Ende September \u00adfeierte die russische Stadt Derbent den 2000. Geburtstag. \u00dcber 500 G\u00e4ste wurden eingeladen, um die goldenen Sandstr\u00e4nde und die \u00adhistorische Stadt zu bejubeln. \u00adUnter ihnen waren Unternehmer und \u00adInvestoren aus ganz Europa, so &hellip; <\/p>\n<p class=\"link-more\"><a href=\"https:\/\/fionaendres.ch\/Wordpress\/feiern-mit-geaechteten-krim-ministern\/\" class=\"more-link\"><span class=\"screen-reader-text\">\u201eFeiern mit ge\u00e4chteten Krim-Ministern\u201c<\/span> weiterlesen<\/a><\/p>\n","protected":false},"author":2,"featured_media":0,"comment_status":"open","ping_status":"open","sticky":false,"template":"","format":"standard","meta":{"ngg_post_thumbnail":0,"jetpack_post_was_ever_published":false,"_jetpack_newsletter_access":"","_jetpack_dont_email_post_to_subs":false,"_jetpack_newsletter_tier_id":0,"_jetpack_memberships_contains_paywalled_content":false,"_jetpack_memberships_contains_paid_content":false,"footnotes":""},"categories":[28,21,4],"tags":[],"class_list":["post-177","post","type-post","status-publish","format-standard","hentry","category-recherchen","category-aus-meiner-feder","category-allgemein"],"jetpack_featured_media_url":"","jetpack_sharing_enabled":true,"jetpack_shortlink":"https:\/\/wp.me\/p6q6BC-2R","jetpack-related-posts":[],"_links":{"self":[{"href":"https:\/\/fionaendres.ch\/Wordpress\/wp-json\/wp\/v2\/posts\/177"}],"collection":[{"href":"https:\/\/fionaendres.ch\/Wordpress\/wp-json\/wp\/v2\/posts"}],"about":[{"href":"https:\/\/fionaendres.ch\/Wordpress\/wp-json\/wp\/v2\/types\/post"}],"author":[{"embeddable":true,"href":"https:\/\/fionaendres.ch\/Wordpress\/wp-json\/wp\/v2\/users\/2"}],"replies":[{"embeddable":true,"href":"https:\/\/fionaendres.ch\/Wordpress\/wp-json\/wp\/v2\/comments?post=177"}],"version-history":[{"count":2,"href":"https:\/\/fionaendres.ch\/Wordpress\/wp-json\/wp\/v2\/posts\/177\/revisions"}],"predecessor-version":[{"id":179,"href":"https:\/\/fionaendres.ch\/Wordpress\/wp-json\/wp\/v2\/posts\/177\/revisions\/179"}],"wp:attachment":[{"href":"https:\/\/fionaendres.ch\/Wordpress\/wp-json\/wp\/v2\/media?parent=177"}],"wp:term":[{"taxonomy":"category","embeddable":true,"href":"https:\/\/fionaendres.ch\/Wordpress\/wp-json\/wp\/v2\/categories?post=177"},{"taxonomy":"post_tag","embeddable":true,"href":"https:\/\/fionaendres.ch\/Wordpress\/wp-json\/wp\/v2\/tags?post=177"}],"curies":[{"name":"wp","href":"https:\/\/api.w.org\/{rel}","templated":true}]}}