{"id":193,"date":"2015-11-04T08:53:01","date_gmt":"2015-11-04T08:53:01","guid":{"rendered":"http:\/\/fionaendres.ch\/Wordpress\/?p=193"},"modified":"2015-11-09T08:51:30","modified_gmt":"2015-11-09T08:51:30","slug":"ich-orte-zweckoptimismus","status":"publish","type":"post","link":"https:\/\/fionaendres.ch\/Wordpress\/ich-orte-zweckoptimismus\/","title":{"rendered":"\u00abIch orte Zweckoptimismus\u00bb"},"content":{"rendered":"<p><strong>Alt-Bundesrat Samuel Schmid kritisiert die BDP und sorgt sich wegen der SVP<\/strong><\/p>\n<p><em>Das Interview ist erschienen am 1.11.15 in der SonntagsZeitung. Geschrieben zusammen mit Reza Rafi.<\/em><\/p>\n<figure id=\"attachment_195\" aria-describedby=\"caption-attachment-195\" style=\"width: 419px\" class=\"wp-caption alignleft\"><a href=\"https:\/\/i0.wp.com\/fionaendres.ch\/Wordpress\/wp-content\/uploads\/2015\/11\/schmid.jpg\"><img data-recalc-dims=\"1\" loading=\"lazy\" decoding=\"async\" class=\" wp-image-195\" src=\"https:\/\/i0.wp.com\/fionaendres.ch\/Wordpress\/wp-content\/uploads\/2015\/11\/schmid.jpg?resize=419%2C280\" alt=\"Samuel Schmid (r.), hier zusammen mit  Peter Harry Carstensen, Pr\u00e4sident des deutschen Bundesrates im Jahr 2005. Bild: parlament.ch\" width=\"419\" height=\"280\" srcset=\"https:\/\/i0.wp.com\/fionaendres.ch\/Wordpress\/wp-content\/uploads\/2015\/11\/schmid.jpg?resize=595%2C396&amp;ssl=1 595w, https:\/\/i0.wp.com\/fionaendres.ch\/Wordpress\/wp-content\/uploads\/2015\/11\/schmid.jpg?w=800&amp;ssl=1 800w\" sizes=\"(max-width: 419px) 100vw, 419px\" \/><\/a><figcaption id=\"caption-attachment-195\" class=\"wp-caption-text\">Samuel Schmid (r.), hier zusammen mit Peter Harry Carstensen, Pr\u00e4sident des deutschen Bundesrates im Jahr 2005. Bild: parlament.ch<\/figcaption><\/figure>\n<p class=\"P\"><strong>Bundesr\u00e4tin Widmer-Schlumpf hat sich in ihrer Rede besonders bei Ihnen bedankt. Sie habe sich an Ihrer Schulter ausheulen k\u00f6nnen, wenn es ihr nicht gut ging.<\/strong><\/p>\n<p class=\"P\">Da hat sie etwas gar \u00fcbertrieben.<\/p>\n<p class=\"P\"><strong>Es gab keine Heulszenen?<\/strong><\/p>\n<p class=\"P\">Nein. Aber ich habe sie manchmal getr\u00f6stet. Sie ist Schokoladenliebhaberin, deshalb reichte ich ihr jeweils ein St\u00fcck Milit\u00e4rschoggi. Ich habe sie aber auch vor dem Haifischbecken in Bern gewarnt. Vor allem zu Beginn ihrer Amtszeit mahnte ich, dass es Blut, Schweiss und Tr\u00e4nen geben werde. Was sich ja auch bewahrheitet hat.<\/p>\n<p class=\"P\"><strong>Wie meinen Sie das?<\/strong><\/p>\n<p class=\"P\">Eveline Widmer-Schlumpf musste die letzten acht Jahre m\u00e4chtig Pr\u00fcgel einstecken \u2013 was zum Teil auch verlogen war. F\u00fcr die L\u00f6sung im Finanzplatzstreit mit den USA etwa wurde sie von den Medien, allen voran der NZZ, heftig kritisiert. Die Banken hingegen schwiegen, weil sie insgeheim wussten, dass es keine andere Option gibt.<\/p>\n<p class=\"P\"><strong>Widmer-Schlumpfs R\u00fccktritt wird von der Parteispitze unbeirrt als \u00abChance\u00bb f\u00fcr die BDP verkauft. Einverstanden?<\/strong><\/p>\n<p class=\"P\">Das ist nicht falsch, jedoch auch etwas sch\u00f6nf\u00e4rberisch. Nat\u00fcrlich hat die neue Situation Vorteile, aber ich orte hier Zweckoptimismus.<\/p>\n<p class=\"P\"><!--more--><\/p>\n<p class=\"P\"><strong>Hat die BDP ohne Widmer-Schlumpf keine Zukunft?<\/strong><\/p>\n<p class=\"P\">Doch, aber es wird anstrengend. Wir haben nicht die finanziellen Mittel wie andere. Wir m\u00fcssen Sektionen gr\u00fcnden und in den neuen Medien pr\u00e4senter werden, um Junge anzusprechen.<\/p>\n<p class=\"P\"><strong>Dass es im Dezember nach einem zweiten SVP-Bundesrat aussieht, muss Sie schmerzen.<\/strong><\/p>\n<p class=\"P\">Wenn die SVP konkordanzf\u00e4hig ist, was ich zu bezweifeln wage, kann sie diesen Anspruch geltend machen. Das h\u00e4ngt aber stark von den Personen ab, die sie aufstellt.<\/p>\n<p class=\"P\"><strong>Die Chancen stehen gut, dass die SVP neben Ueli Maurer einen zweiten Vertreter der Parteilinie in die Regierung bringt.<\/strong><\/p>\n<p class=\"P\">Das sehe ich mit Sorge. Das Vertrauen in den Bundesrat und das Vertrauen im Bundesrat w\u00fcrden leiden, ich habe das selber erlebt.<\/p>\n<p class=\"P\"><strong>Dann sind Sie f\u00fcr ein \u00adZusammenr\u00fccken der Mitteparteien?<\/strong><\/p>\n<p class=\"P\">Ja, aber das muss mit der Basis abgesprochen werden! Der letzte Versuch scheiterte, weil er von oben erfolgte. Ich habe von den damaligen Unionspl\u00e4nen als einfaches Parteimitglied aus den Medien erfahren.<\/p>\n\n","protected":false},"excerpt":{"rendered":"<p>Alt-Bundesrat Samuel Schmid kritisiert die BDP und sorgt sich wegen der SVP Das Interview ist erschienen am 1.11.15 in der SonntagsZeitung. Geschrieben zusammen mit Reza Rafi. Bundesr\u00e4tin Widmer-Schlumpf hat sich in ihrer Rede besonders bei Ihnen bedankt. Sie habe sich an Ihrer Schulter ausheulen k\u00f6nnen, wenn es ihr nicht gut ging. Da hat sie etwas &hellip; <\/p>\n<p class=\"link-more\"><a href=\"https:\/\/fionaendres.ch\/Wordpress\/ich-orte-zweckoptimismus\/\" class=\"more-link\"><span class=\"screen-reader-text\">\u201e\u00abIch orte Zweckoptimismus\u00bb\u201c<\/span> weiterlesen<\/a><\/p>\n","protected":false},"author":2,"featured_media":0,"comment_status":"open","ping_status":"open","sticky":false,"template":"","format":"standard","meta":{"ngg_post_thumbnail":0,"jetpack_post_was_ever_published":false,"_jetpack_newsletter_access":"","_jetpack_dont_email_post_to_subs":false,"_jetpack_newsletter_tier_id":0,"_jetpack_memberships_contains_paywalled_content":false,"_jetpack_memberships_contains_paid_content":false,"footnotes":""},"categories":[21,4],"tags":[],"class_list":["post-193","post","type-post","status-publish","format-standard","hentry","category-aus-meiner-feder","category-allgemein"],"jetpack_featured_media_url":"","jetpack_sharing_enabled":true,"jetpack_shortlink":"https:\/\/wp.me\/p6q6BC-37","jetpack-related-posts":[],"_links":{"self":[{"href":"https:\/\/fionaendres.ch\/Wordpress\/wp-json\/wp\/v2\/posts\/193"}],"collection":[{"href":"https:\/\/fionaendres.ch\/Wordpress\/wp-json\/wp\/v2\/posts"}],"about":[{"href":"https:\/\/fionaendres.ch\/Wordpress\/wp-json\/wp\/v2\/types\/post"}],"author":[{"embeddable":true,"href":"https:\/\/fionaendres.ch\/Wordpress\/wp-json\/wp\/v2\/users\/2"}],"replies":[{"embeddable":true,"href":"https:\/\/fionaendres.ch\/Wordpress\/wp-json\/wp\/v2\/comments?post=193"}],"version-history":[{"count":3,"href":"https:\/\/fionaendres.ch\/Wordpress\/wp-json\/wp\/v2\/posts\/193\/revisions"}],"predecessor-version":[{"id":226,"href":"https:\/\/fionaendres.ch\/Wordpress\/wp-json\/wp\/v2\/posts\/193\/revisions\/226"}],"wp:attachment":[{"href":"https:\/\/fionaendres.ch\/Wordpress\/wp-json\/wp\/v2\/media?parent=193"}],"wp:term":[{"taxonomy":"category","embeddable":true,"href":"https:\/\/fionaendres.ch\/Wordpress\/wp-json\/wp\/v2\/categories?post=193"},{"taxonomy":"post_tag","embeddable":true,"href":"https:\/\/fionaendres.ch\/Wordpress\/wp-json\/wp\/v2\/tags?post=193"}],"curies":[{"name":"wp","href":"https:\/\/api.w.org\/{rel}","templated":true}]}}