{"id":284,"date":"2015-12-29T09:42:28","date_gmt":"2015-12-29T09:42:28","guid":{"rendered":"http:\/\/fionaendres.ch\/Wordpress\/?p=284"},"modified":"2016-10-17T09:01:13","modified_gmt":"2016-10-17T09:01:13","slug":"auch-der-wolf-merkt-den-rechtsrutsch","status":"publish","type":"post","link":"https:\/\/fionaendres.ch\/Wordpress\/auch-der-wolf-merkt-den-rechtsrutsch\/","title":{"rendered":"Auch der Wolf merkt den Rechtsrutsch"},"content":{"rendered":"<p><strong>Das neue Parlament k\u00f6nnte den Schutz f\u00fcr Grossraubtiere noch mehr lockern<\/strong><\/p>\n<p>Der Aufschrei war gross. Das Bundesamt f\u00fcr Umwelt (Bafu) bewilligte letzten Montag den Abschuss zweier Jungw\u00f6lfe. Damit soll dem Calanda-Rudel im Grenzgebiet zwischen St. Gallen und Graub\u00fcnden wieder Respekt vor dem Menschen beigebracht werden. Tiersch\u00fctzer kritisierten den Entscheid, Schafz\u00fcchter frohlockten. Die Wolfsfrage zeigt die Kluft zwischen Stadt und Land, zwischen Berg und Tal.<\/p>\n<figure id=\"attachment_285\" aria-describedby=\"caption-attachment-285\" style=\"width: 515px\" class=\"wp-caption aligncenter\"><a href=\"https:\/\/i0.wp.com\/fionaendres.ch\/Wordpress\/wp-content\/uploads\/2015\/12\/wolf_bafu.jpg\"><img data-recalc-dims=\"1\" loading=\"lazy\" decoding=\"async\" class=\"size-full wp-image-285\" src=\"https:\/\/i0.wp.com\/fionaendres.ch\/Wordpress\/wp-content\/uploads\/2015\/12\/wolf_bafu.jpg?resize=515%2C386\" alt=\"K\u00f6nnen sich Wolf und Mensch friedlich Gutenacht sagen? Bild: Bundesamt f\u00fcr Umwelt \/ bafu.admin.ch\" width=\"515\" height=\"386\" \/><\/a><figcaption id=\"caption-attachment-285\" class=\"wp-caption-text\">K\u00f6nnen sich Wolf und Mensch friedlich Gutenacht sagen? Bild: Bundesamt f\u00fcr Umwelt \/ bafu.admin.ch<\/figcaption><\/figure>\n<p class=\"P\">Die Diskussion l\u00e4uft auch auf dem politischen Parkett heiss \u2013 zuungunsten der Grossraubtiere: Das neue Parlament besteht mehrheitlich aus Wolfsgegnern. Dies zeigen Daten von <a href=\"https:\/\/smartvote.ch\/\">Smartvote<\/a>. W\u00e4hrend 2011 noch nur 46 Prozent der Nationalr\u00e4te bereit waren, die Schutzbestimmungen f\u00fcr Grossraubtiere zu lockern, sind es nun 53 Prozent.<\/p>\n<p class=\"P\"><!--more--><\/p>\n<p class=\"P\">Ein Grund daf\u00fcr ist der <span class=\"recomDescriptiveWord\">Rechtsrutsch<\/span>. Wolfsgegner ersetzten Wolfsfreunde. Beispielsweise im Kanton Bern: Schiesssportler Erich Hess (SVP) verdr\u00e4ngte die Tiersch\u00fctzerin Aline Trede (Gr\u00fcne). Im <img data-recalc-dims=\"1\" loading=\"lazy\" decoding=\"async\" class=\" size-full wp-image-286 alignleft\" src=\"https:\/\/i0.wp.com\/fionaendres.ch\/Wordpress\/wp-content\/uploads\/2015\/12\/ruppenwallis.jpg?resize=218%2C123\" alt=\"ruppenwallis\" width=\"218\" height=\"123\" \/>Kanton Wallis schaffte Franz Ruppen (SVP) den Sprung in den Nationalrat \u2013 dank seines Slogans: \u00abF\u00fcr ein Wallis ohne <span class=\"recomDescriptiveWord\">Wolf<\/span>\u00bb.<\/p>\n<p class=\"P\">Auch auf hohen Posten sitzen Wolfsfeinde: Die zwei Parteipr\u00e4sidenten und leidenschaftlichen J\u00e4ger Christophe Darbellay (CVP) und Martin Landolt (BDP) haben bereits mehrmals auf Kosten des <span class=\"recomDescriptiveWord\">Wolfs<\/span> gestimmt. Im Sommer hat sich gezeigt, dass einige St\u00e4nder\u00e4te sich zwar f\u00fcr den <span class=\"recomDescriptiveWord\">Wolf<\/span> aussprechen, aber gegen ihn stimmen. Hans St\u00f6ckli (SP) und Verena Diener (GLP) trugen einen Vorstoss zur Lockerung des Wolfsschutzes mit, obwohl sie gem\u00e4ss Smartvote schon 2011 dagegen waren.<\/p>\n<p class=\"P\">In den letzten zwei Jahren diskutierte das Parlament 14 Vorst\u00f6sse zum <span class=\"recomDescriptiveWord\">Wolf<\/span>. Im neuen Jahr geht die Debatte weiter, drei Vorst\u00f6sse sind h\u00e4ngig. F\u00fcr Ren\u00e9 Imoberdorf und Beat Rieder (beide CVP) soll der <span class=\"recomDescriptiveWord\">Wolf<\/span> als jagdbar eingestuft werden. Roberto Schmidt (CVP) will Wolfsmischlinge verbannen.<\/p>\n<p class=\"ZT\">\u00c4nderung des Jagdgesetzes w\u00e4re die goldene Mitte<\/p>\n<p class=\"P\">Im Zentrum der politischen Wolfsfrage steht die Berner Konvention \u2013 ein internationales Abkommen f\u00fcr den Naturschutz. 2010 nahm das Parlament einen Vorstoss von Jean-Ren\u00e9 Fournier (CVP) an, die Konvention so abzu\u00e4ndern, dass der <span class=\"recomDescriptiveWord\">Wolf<\/span> in der Schweiz nicht mehr gesch\u00fctzt ist, oder ganz aus der Konvention auszutreten. Der Antrag wurde von den anderen Mitgliedsstaaten abgelehnt. Einen Austritt hat der Bundesrat bisher verweigert, weil es \u00abstaatspolitisch heikel\u00bb w\u00e4re. Zudem m\u00fcsste die Schweiz dann zahlreiche Bestimmungen zum Naturschutz neu aushandeln.<\/p>\n<p class=\"P\">Mit einer Motion von Stefan Engler (CVP), die eine \u00c4nderung des Jagdgesetzes anstrebt, k\u00f6nnte der Wolfsbestand im Einklang mit der Konvention reguliert werden. Der Bund hofft nun, dass die Wolfsgegner stillhalten, bis die \u00c4nderung 2017 ins Parlament kommt. Doch noch ist ein Vor\u00adstoss h\u00e4ngig: Die Standesinitiative des Kantons Wallis ist sozusagen eine Durchsetzungsinitiative der Motion Fournier. Mit der <span class=\"recomDescriptiveWord\">wolfs<\/span>\u00adkritischen Mehrheit des neuen Parlaments hat sie durchaus Chancen.<\/p>\n<p class=\"P\">Die zwei Calanda-<span class=\"recomDescriptiveWord\">W\u00f6lfe<\/span> d\u00fcrfen schon jetzt in St. Gallen, ab morgen auch in Graub\u00fcnden abgeschossen werden. Pro Natura und der WWF pr\u00fcfen, ob sie eine Beschwerde einreichen wollen.<\/p>\n<p class=\"P\">Dieser Artikel ist am 27.12.15 in der <a href=\"http:\/\/soz.li\/S2YA\">SonntagsZeitung <\/a>erschienen.<\/p>\n\n","protected":false},"excerpt":{"rendered":"<p>Das neue Parlament k\u00f6nnte den Schutz f\u00fcr Grossraubtiere noch mehr lockern Der Aufschrei war gross. Das Bundesamt f\u00fcr Umwelt (Bafu) bewilligte letzten Montag den Abschuss zweier Jungw\u00f6lfe. Damit soll dem Calanda-Rudel im Grenzgebiet zwischen St. Gallen und Graub\u00fcnden wieder Respekt vor dem Menschen beigebracht werden. Tiersch\u00fctzer kritisierten den Entscheid, Schafz\u00fcchter frohlockten. Die Wolfsfrage zeigt die &hellip; <\/p>\n<p class=\"link-more\"><a href=\"https:\/\/fionaendres.ch\/Wordpress\/auch-der-wolf-merkt-den-rechtsrutsch\/\" class=\"more-link\"><span class=\"screen-reader-text\">\u201eAuch der Wolf merkt den Rechtsrutsch\u201c<\/span> weiterlesen<\/a><\/p>\n","protected":false},"author":2,"featured_media":0,"comment_status":"open","ping_status":"open","sticky":false,"template":"","format":"standard","meta":{"ngg_post_thumbnail":0,"jetpack_post_was_ever_published":false,"_jetpack_newsletter_access":"","_jetpack_dont_email_post_to_subs":false,"_jetpack_newsletter_tier_id":0,"_jetpack_memberships_contains_paywalled_content":false,"_jetpack_memberships_contains_paid_content":false,"footnotes":""},"categories":[28,21,17,4],"tags":[],"class_list":["post-284","post","type-post","status-publish","format-standard","hentry","category-recherchen","category-aus-meiner-feder","category-journalismus","category-allgemein"],"jetpack_featured_media_url":"","jetpack_sharing_enabled":true,"jetpack_shortlink":"https:\/\/wp.me\/p6q6BC-4A","jetpack-related-posts":[],"_links":{"self":[{"href":"https:\/\/fionaendres.ch\/Wordpress\/wp-json\/wp\/v2\/posts\/284"}],"collection":[{"href":"https:\/\/fionaendres.ch\/Wordpress\/wp-json\/wp\/v2\/posts"}],"about":[{"href":"https:\/\/fionaendres.ch\/Wordpress\/wp-json\/wp\/v2\/types\/post"}],"author":[{"embeddable":true,"href":"https:\/\/fionaendres.ch\/Wordpress\/wp-json\/wp\/v2\/users\/2"}],"replies":[{"embeddable":true,"href":"https:\/\/fionaendres.ch\/Wordpress\/wp-json\/wp\/v2\/comments?post=284"}],"version-history":[{"count":2,"href":"https:\/\/fionaendres.ch\/Wordpress\/wp-json\/wp\/v2\/posts\/284\/revisions"}],"predecessor-version":[{"id":293,"href":"https:\/\/fionaendres.ch\/Wordpress\/wp-json\/wp\/v2\/posts\/284\/revisions\/293"}],"wp:attachment":[{"href":"https:\/\/fionaendres.ch\/Wordpress\/wp-json\/wp\/v2\/media?parent=284"}],"wp:term":[{"taxonomy":"category","embeddable":true,"href":"https:\/\/fionaendres.ch\/Wordpress\/wp-json\/wp\/v2\/categories?post=284"},{"taxonomy":"post_tag","embeddable":true,"href":"https:\/\/fionaendres.ch\/Wordpress\/wp-json\/wp\/v2\/tags?post=284"}],"curies":[{"name":"wp","href":"https:\/\/api.w.org\/{rel}","templated":true}]}}