{"id":316,"date":"2016-01-09T18:05:00","date_gmt":"2016-01-09T18:05:00","guid":{"rendered":"http:\/\/fionaendres.ch\/Wordpress\/?p=316"},"modified":"2016-01-09T18:05:22","modified_gmt":"2016-01-09T18:05:22","slug":"gott-troeste-unser-dorf","status":"publish","type":"post","link":"https:\/\/fionaendres.ch\/Wordpress\/gott-troeste-unser-dorf\/","title":{"rendered":"\u00abGott, tr\u00f6ste unser Dorf\u00bb"},"content":{"rendered":"<p><strong>F\u00fcr den Pfarrer von Rupperswil war die Abdankungsfeier f\u00fcr die drei Mordopfer aus dem Dorf \u00abetwas v\u00f6llig Neues\u00bb.<\/strong><\/p>\n<p class=\"P\">\u00abHello, it\u2019s me\u00bb: Mit den ersten Kl\u00e4ngen des Adele-Hits sind die Emotionen da. Lange hatten die Anwesenden sich zur\u00fcckgehalten. Den Lebensgeschichten der Opfer und der Predigt mit steinerner Miene gelauscht. Doch mit dem Lieblingslied von Carla S. kamen die Tr\u00e4nen. Die 48-J\u00e4hrige hatte die Tickets f\u00fcr das Adele-Konzert schon gekauft. Ihre Freunde wussten das.<\/p>\n<p class=\"P\">\u00abEmotionen geh\u00f6ren dazu, aber sie sind nicht einfach auszuhalten\u00bb, sagte Pfarrer Christian B\u00fchler. Auch er hatte gemerkt, dass in diesem Moment die Trauernden loslassen konnten: \u00abGemeinsam zu trauern, gibt einem Boden.\u00bb<\/p>\n<p class=\"P\"><!--more--><\/p>\n<p class=\"ZT\"><strong>Feier ohne Trauerfamilie<\/strong><\/p>\n<p class=\"P\">Laut Angaben der reformierten Kirchgemeinde haben um die 700 Personen an der Trauerfeier teilgenommen. Alle Pl\u00e4tze in der Kirche wurden schon im Voraus reserviert. Wer dort keinen Platz fand, konnte die Video\u00fcbertragung der Trauerfeier im Kirchgemeindehaus verfolgen. Doch auch dieses war bis in die letzte Ecke gef\u00fcllt, sodass auch draussen vor der Kirche Trauernde im Regen standen.<\/p>\n<p class=\"P\">Neben Angeh\u00f6rigen waren unter anderen auch Gemeindeammann Ruedi Hediger, Vertreter der Arbeitgeberin von Carla S., die Klassenkameraden der zwei Teenager und zahlreiche Journalisten anwesend. Nicht in der Kirche waren die Trauerfamilie und der Lebenspartner von Carla S.; sie h\u00e4tten die Kraft nicht gehabt, sagte B\u00fchler im Gottesdienst.<\/p>\n<p class=\"P\">Pfarrer Christian B\u00fchler war von Anfang an mit den schrecklichen Ereignissen konfrontiert und hat die Angeh\u00f6rigen unterst\u00fctzt. Dies war aber Zufall, denn eigentlich h\u00e4tte in der Woche des Mordes eine andere Pfarrerin Dienst gehabt, die krank wurde.<\/p>\n<p class=\"P\">Schon im Vorfeld hatte B\u00fchler gesagt: \u00abDer T\u00e4terschaft sollte jetzt und beim Abschied kein Raum gegeben werden. Es soll gelten, an die Verstorbenen zu denken.\u00bb Seine Predigt widmete er dem Humor, Charme und der Lebensfreude der Get\u00f6teten und versuchte, den Trauernden Hoffnung zu machen: \u00abGott, tr\u00f6ste unser Dorf.\u00bb<\/p>\n<p class=\"ZT\"><strong>Schrecklich und unfassbar<\/strong><\/p>\n<p class=\"P\">Diese Abdankungsfeier war auch f\u00fcr ihn \u00abetwas v\u00f6llig Neues\u00bb. Ihm habe in den letzten Tagen vor allem Hoffnung gemacht, dass sich viele Menschen an der Abschiedsfeier beteiligen wollten: \u00abDas ist f\u00fcr mich auch eine Antwort der Gesellschaft auf das Verbrechen.\u00bb Und es zeige ihm, dass die Menschen nicht ganz hilflos seien.<\/p>\n<p class=\"P\">Im Gegensatz zu B\u00fchler brachte Gemeindeammann Hediger seine Best\u00fcrzung \u00fcber die brutale Tat vor die Trauernden: \u00abMit unbeschreiblicher Brutalit\u00e4t wurden sie umgebracht!\u00bb Es sei schrecklich und unfassbar, was in seinem beschaulichen und l\u00e4ndlichen Dorf passiert sei. Hediger rief in seiner Ansprache die Einwohner der Gemeinde auf, wieder mehr aufeinander zuzugehen: \u00abZusammen geht es besser.\u00bb Auch biete der Gemeinderat Rupperswil allen Angeh\u00f6rigen und Freunden Unterst\u00fctzung an: \u00abUnsere T\u00fcren sind offen.\u00bb Er kannte die Opfer nicht pers\u00f6nlich, doch er ist mit einigen der Angeh\u00f6rigen gut bekannt.<\/p>\n<p class=\"P\">Die Trauerfeier f\u00fcr das vierte Opfer, der Freundin des \u00e4ltesten Sohns, findet am Samstagnachmittag in Hunzenschwil statt. Die Angeh\u00f6rigen w\u00fcnschen sich beim Abschied, dass auf Trauerkleidung verzichtet wird: \u00abWer Simona kannte, weiss, wie sehr sie Sneakers mochte. Sie w\u00fcrde sich sicher freuen, wenn diejenigen, die m\u00f6gen, solche Schuhe tragen.\u00bb<\/p>\n","protected":false},"excerpt":{"rendered":"<p>F\u00fcr den Pfarrer von Rupperswil war die Abdankungsfeier f\u00fcr die drei Mordopfer aus dem Dorf \u00abetwas v\u00f6llig Neues\u00bb. \u00abHello, it\u2019s me\u00bb: Mit den ersten Kl\u00e4ngen des Adele-Hits sind die Emotionen da. Lange hatten die Anwesenden sich zur\u00fcckgehalten. Den Lebensgeschichten der Opfer und der Predigt mit steinerner Miene gelauscht. Doch mit dem Lieblingslied von Carla S. &hellip; <\/p>\n<p class=\"link-more\"><a href=\"https:\/\/fionaendres.ch\/Wordpress\/gott-troeste-unser-dorf\/\" class=\"more-link\"><span class=\"screen-reader-text\">\u201e\u00abGott, tr\u00f6ste unser Dorf\u00bb\u201c<\/span> weiterlesen<\/a><\/p>\n","protected":false},"author":2,"featured_media":0,"comment_status":"open","ping_status":"open","sticky":false,"template":"","format":"standard","meta":{"ngg_post_thumbnail":0,"jetpack_post_was_ever_published":false,"_jetpack_newsletter_access":"","_jetpack_dont_email_post_to_subs":false,"_jetpack_newsletter_tier_id":0,"_jetpack_memberships_contains_paywalled_content":false,"_jetpack_memberships_contains_paid_content":false,"footnotes":""},"categories":[21],"tags":[],"class_list":["post-316","post","type-post","status-publish","format-standard","hentry","category-aus-meiner-feder"],"jetpack_featured_media_url":"","jetpack_sharing_enabled":true,"jetpack_shortlink":"https:\/\/wp.me\/p6q6BC-56","jetpack-related-posts":[],"_links":{"self":[{"href":"https:\/\/fionaendres.ch\/Wordpress\/wp-json\/wp\/v2\/posts\/316"}],"collection":[{"href":"https:\/\/fionaendres.ch\/Wordpress\/wp-json\/wp\/v2\/posts"}],"about":[{"href":"https:\/\/fionaendres.ch\/Wordpress\/wp-json\/wp\/v2\/types\/post"}],"author":[{"embeddable":true,"href":"https:\/\/fionaendres.ch\/Wordpress\/wp-json\/wp\/v2\/users\/2"}],"replies":[{"embeddable":true,"href":"https:\/\/fionaendres.ch\/Wordpress\/wp-json\/wp\/v2\/comments?post=316"}],"version-history":[{"count":2,"href":"https:\/\/fionaendres.ch\/Wordpress\/wp-json\/wp\/v2\/posts\/316\/revisions"}],"predecessor-version":[{"id":318,"href":"https:\/\/fionaendres.ch\/Wordpress\/wp-json\/wp\/v2\/posts\/316\/revisions\/318"}],"wp:attachment":[{"href":"https:\/\/fionaendres.ch\/Wordpress\/wp-json\/wp\/v2\/media?parent=316"}],"wp:term":[{"taxonomy":"category","embeddable":true,"href":"https:\/\/fionaendres.ch\/Wordpress\/wp-json\/wp\/v2\/categories?post=316"},{"taxonomy":"post_tag","embeddable":true,"href":"https:\/\/fionaendres.ch\/Wordpress\/wp-json\/wp\/v2\/tags?post=316"}],"curies":[{"name":"wp","href":"https:\/\/api.w.org\/{rel}","templated":true}]}}