{"id":326,"date":"2016-01-23T17:10:39","date_gmt":"2016-01-23T17:10:39","guid":{"rendered":"http:\/\/fionaendres.ch\/Wordpress\/?p=326"},"modified":"2016-10-17T08:59:33","modified_gmt":"2016-10-17T08:59:33","slug":"es-nervt-mich-das-aus-den-medien-zu-hoeren","status":"publish","type":"post","link":"https:\/\/fionaendres.ch\/Wordpress\/es-nervt-mich-das-aus-den-medien-zu-hoeren\/","title":{"rendered":"\u00abEs nervt mich, das aus den Medien zu h\u00f6ren\u00bb"},"content":{"rendered":"<p><strong>Schock in Baden. Alstom streicht 1300 Jobs. Wie die Angestellten vor Ort reagieren \u2013 einige sogar \u00fcberraschend abgekl\u00e4rt.<\/strong><\/p>\n<p class=\"P\">In Scharen str\u00f6men die Mitarbeiter aus dem hohen Glashaus des Firmensitzes der General Electric. Die H\u00e4nde in den Hosentaschen, stapfen sie durch den Schneeregen zum Badener Kongresszentrum. Keiner spricht viel, die Ungewissheit ist ihnen ins Gesicht geschrieben. Noch mehr Leute steigen aus Reisecars und schliessen sich an. General Electric besch\u00e4ftigt um 5500 Mitarbeiter im Kanton Aargau. Sie alle kamen nach Baden, um zu erfahren, was es mit dem geplanten Stellenabbau auf sich hat.<\/p>\n<p><iframe loading=\"lazy\" src=\"http:\/\/player.newsnetz.tv\/player\/iframe.php?vid=237635&amp;frame=29&amp;logo=false&amp;channel=news&amp;site=2&amp;adurl=true&amp;logo_url=http:\/\/tagesanzeiger.ch\/images\/logos\/LogoNegGross.png&amp;subchannel=standard&amp;video_title=&amp;video_lead=&amp;autostart=0&amp;language=de\" width=\"640\" height=\"388\" frameborder=\"0\"><\/iframe><\/p>\n<p><!--more--><\/p>\n<p>1300 Stellen will General Electric (GE) in der Schweiz aufl\u00f6sen. Der Abbau soll innerhalb von zwei Jahren vollzogen werden und ist die Folge der \u00dcbernahme der franz\u00f6sischen Firma Alstom durch den US-Konzern GE 2015. Damals hiess es noch, an der Belegschaft werde sich nichts ver\u00e4ndern. Europaweit sollen nun 6500 Stellen gek\u00fcrzt werden. In der Schweiz betroffen sind die Standorte Baden, Turgi, D\u00e4ttwil, Birr und Oberentfelden.<\/p>\n<p><em>Mit bestem Dank f\u00fcr die Zusammenarbeit an Lea Koch.\u00a0<\/em><em>Publiziert auf TagesAnzeiger\/Newsnet am 13. Januar 2016.<\/em><\/p>\n","protected":false},"excerpt":{"rendered":"<p>Schock in Baden. Alstom streicht 1300 Jobs. Wie die Angestellten vor Ort reagieren \u2013 einige sogar \u00fcberraschend abgekl\u00e4rt. In Scharen str\u00f6men die Mitarbeiter aus dem hohen Glashaus des Firmensitzes der General Electric. Die H\u00e4nde in den Hosentaschen, stapfen sie durch den Schneeregen zum Badener Kongresszentrum. Keiner spricht viel, die Ungewissheit ist ihnen ins Gesicht geschrieben. &hellip; <\/p>\n<p class=\"link-more\"><a href=\"https:\/\/fionaendres.ch\/Wordpress\/es-nervt-mich-das-aus-den-medien-zu-hoeren\/\" class=\"more-link\"><span class=\"screen-reader-text\">\u201e\u00abEs nervt mich, das aus den Medien zu h\u00f6ren\u00bb\u201c<\/span> weiterlesen<\/a><\/p>\n","protected":false},"author":2,"featured_media":0,"comment_status":"open","ping_status":"open","sticky":false,"template":"","format":"standard","meta":{"ngg_post_thumbnail":0,"jetpack_post_was_ever_published":false,"_jetpack_newsletter_access":"","_jetpack_dont_email_post_to_subs":false,"_jetpack_newsletter_tier_id":0,"_jetpack_memberships_contains_paywalled_content":false,"_jetpack_memberships_contains_paid_content":false,"footnotes":""},"categories":[25,22],"tags":[],"class_list":["post-326","post","type-post","status-publish","format-standard","hentry","category-fotografie","category-geknipst"],"jetpack_featured_media_url":"","jetpack_sharing_enabled":true,"jetpack_shortlink":"https:\/\/wp.me\/p6q6BC-5g","jetpack-related-posts":[],"_links":{"self":[{"href":"https:\/\/fionaendres.ch\/Wordpress\/wp-json\/wp\/v2\/posts\/326"}],"collection":[{"href":"https:\/\/fionaendres.ch\/Wordpress\/wp-json\/wp\/v2\/posts"}],"about":[{"href":"https:\/\/fionaendres.ch\/Wordpress\/wp-json\/wp\/v2\/types\/post"}],"author":[{"embeddable":true,"href":"https:\/\/fionaendres.ch\/Wordpress\/wp-json\/wp\/v2\/users\/2"}],"replies":[{"embeddable":true,"href":"https:\/\/fionaendres.ch\/Wordpress\/wp-json\/wp\/v2\/comments?post=326"}],"version-history":[{"count":6,"href":"https:\/\/fionaendres.ch\/Wordpress\/wp-json\/wp\/v2\/posts\/326\/revisions"}],"predecessor-version":[{"id":344,"href":"https:\/\/fionaendres.ch\/Wordpress\/wp-json\/wp\/v2\/posts\/326\/revisions\/344"}],"wp:attachment":[{"href":"https:\/\/fionaendres.ch\/Wordpress\/wp-json\/wp\/v2\/media?parent=326"}],"wp:term":[{"taxonomy":"category","embeddable":true,"href":"https:\/\/fionaendres.ch\/Wordpress\/wp-json\/wp\/v2\/categories?post=326"},{"taxonomy":"post_tag","embeddable":true,"href":"https:\/\/fionaendres.ch\/Wordpress\/wp-json\/wp\/v2\/tags?post=326"}],"curies":[{"name":"wp","href":"https:\/\/api.w.org\/{rel}","templated":true}]}}