{"id":554,"date":"2016-06-05T19:51:32","date_gmt":"2016-06-05T19:51:32","guid":{"rendered":"http:\/\/fionaendres.ch\/Wordpress\/?p=554"},"modified":"2016-06-05T19:51:32","modified_gmt":"2016-06-05T19:51:32","slug":"die-initiative-aus-purer-lust-zur-debatte","status":"publish","type":"post","link":"https:\/\/fionaendres.ch\/Wordpress\/die-initiative-aus-purer-lust-zur-debatte\/","title":{"rendered":"Die Initiative aus purer Lust zur Debatte"},"content":{"rendered":"<p>23 Prozent haben sich an diesem Wochenende f\u00fcr das <strong>bedingungslose Grundeinkommen <\/strong>ausgesprochen. Eine Idee, die oft als Illusion oder Utopie abgetan wurde. Als <strong>Hirngespinst<\/strong>, als Zerst\u00f6rer des Wirtschaftssystems. <\/p>\n<p>Welche Auswirkungen das Grundeinkommen auf den Schweizer Alltag gehabt h\u00e4tte, <strong>weiss niemand<\/strong>. Und ja, die Zeit f\u00fcr einen so grundlegenden Eingriff in das Sozialsystem und die Arbeitswelt unseres Kleinstaats <strong>w\u00e4re heute noch zu fr\u00fch<\/strong>. Dennoch hat die Initiative eine unvergleichbare Debatte ausgel\u00f6st. Das ist ein <strong>Erfolg<\/strong>. <\/p>\n<p>Die Diskussion um diese Initiative wurde anders gef\u00fchrt als \u00fcber all anderen Vorlagen. Es war eine Debatte um die <strong>Zukunft<\/strong>, um das &#8220;Was w\u00e4re wenn?&#8221;, um den Kern des Menschseins. Was bedeutet Arbeit f\u00fcr uns? Ist es nur Geld verdienen, oder eben doch <strong>Selbsterf\u00fcllung<\/strong>? <\/p>\n<p>Trotz des klaren Neins haben die Initianten des Grundeinkommens heute gefeiert, und liessen sich vom Ausland schmeicheln. <strong>Und sie haben Recht<\/strong>. Sie wussten schon von der ersten Unterschriftensammlung, dass eine breite Zustimmung f\u00fcr ihr Anliegen unm\u00f6glich sein wird. Dennoch lancierten sie eine Initiative &#8211; auch der Debatte zu Willen. <\/p>\n<p>Dieses Ziel hat das Grundeinkommen erreicht. Es dominierte die Berichterstattung zum 5. Juni, die Stammtischgespr\u00e4che, die Kommentarspalten der Internetuser. <strong>Die Frage stellt sich<\/strong>: Darf eine Initiative nur der Debatte zu Liebe (nur zum Spass sozusagen) Steuergelder beanspruchen, administrativen Aufwand schaffen, die \u00d6ffentlichkeit einnehmen? <\/p>\n<p><strong>Ja, sie darf<\/strong>. Denn das Grundeinkommen war eine Idee der Bev\u00f6lkerung. Es war keinen Murks \u00fcberstimmter Parlamentarier, <strong>kein Oppositions-Trick<\/strong> einer unzufriedenen Partei. Sondern der Traum einer zuk\u00fcnftigen Arbeitswelt, der von einer heterogenen Gruppe geteilt wurde: Junge, Alte, Reiche, Arme, Studenten, B\u00fcezer, Professoren, Firmenbesitzer.<\/p>\n<p>Die Debatte \u00fcber die Zukunft der Arbeit, und wie unsere Gesellschaft damit umgehen soll, ist wichtig. Die Initiative selber ist gescheitert. Die aufgeworfene Diskussion wird aber weiter gehen. Und das ist ein Erfolg. <\/p>\n","protected":false},"excerpt":{"rendered":"<p>23 Prozent haben sich an diesem Wochenende f\u00fcr das bedingungslose Grundeinkommen ausgesprochen. Eine Idee, die oft als Illusion oder Utopie abgetan wurde. Als Hirngespinst, als Zerst\u00f6rer des Wirtschaftssystems. Welche Auswirkungen das Grundeinkommen auf den Schweizer Alltag gehabt h\u00e4tte, weiss niemand. Und ja, die Zeit f\u00fcr einen so grundlegenden Eingriff in das Sozialsystem und die Arbeitswelt &hellip; <\/p>\n<p class=\"link-more\"><a href=\"https:\/\/fionaendres.ch\/Wordpress\/die-initiative-aus-purer-lust-zur-debatte\/\" class=\"more-link\"><span class=\"screen-reader-text\">\u201eDie Initiative aus purer Lust zur Debatte\u201c<\/span> weiterlesen<\/a><\/p>\n","protected":false},"author":2,"featured_media":0,"comment_status":"open","ping_status":"open","sticky":false,"template":"","format":"standard","meta":{"ngg_post_thumbnail":0,"jetpack_post_was_ever_published":false,"_jetpack_newsletter_access":"","_jetpack_dont_email_post_to_subs":false,"_jetpack_newsletter_tier_id":0,"_jetpack_memberships_contains_paywalled_content":false,"_jetpack_memberships_contains_paid_content":false,"footnotes":""},"categories":[4],"tags":[],"class_list":["post-554","post","type-post","status-publish","format-standard","hentry","category-allgemein"],"jetpack_featured_media_url":"","jetpack_sharing_enabled":true,"jetpack_shortlink":"https:\/\/wp.me\/p6q6BC-8W","jetpack-related-posts":[],"_links":{"self":[{"href":"https:\/\/fionaendres.ch\/Wordpress\/wp-json\/wp\/v2\/posts\/554"}],"collection":[{"href":"https:\/\/fionaendres.ch\/Wordpress\/wp-json\/wp\/v2\/posts"}],"about":[{"href":"https:\/\/fionaendres.ch\/Wordpress\/wp-json\/wp\/v2\/types\/post"}],"author":[{"embeddable":true,"href":"https:\/\/fionaendres.ch\/Wordpress\/wp-json\/wp\/v2\/users\/2"}],"replies":[{"embeddable":true,"href":"https:\/\/fionaendres.ch\/Wordpress\/wp-json\/wp\/v2\/comments?post=554"}],"version-history":[{"count":1,"href":"https:\/\/fionaendres.ch\/Wordpress\/wp-json\/wp\/v2\/posts\/554\/revisions"}],"predecessor-version":[{"id":555,"href":"https:\/\/fionaendres.ch\/Wordpress\/wp-json\/wp\/v2\/posts\/554\/revisions\/555"}],"wp:attachment":[{"href":"https:\/\/fionaendres.ch\/Wordpress\/wp-json\/wp\/v2\/media?parent=554"}],"wp:term":[{"taxonomy":"category","embeddable":true,"href":"https:\/\/fionaendres.ch\/Wordpress\/wp-json\/wp\/v2\/categories?post=554"},{"taxonomy":"post_tag","embeddable":true,"href":"https:\/\/fionaendres.ch\/Wordpress\/wp-json\/wp\/v2\/tags?post=554"}],"curies":[{"name":"wp","href":"https:\/\/api.w.org\/{rel}","templated":true}]}}