{"id":556,"date":"2016-06-08T07:16:20","date_gmt":"2016-06-08T07:16:20","guid":{"rendered":"http:\/\/fionaendres.ch\/Wordpress\/?p=556"},"modified":"2016-06-08T12:44:25","modified_gmt":"2016-06-08T12:44:25","slug":"allez-chez-les-welsches","status":"publish","type":"post","link":"https:\/\/fionaendres.ch\/Wordpress\/allez-chez-les-welsches\/","title":{"rendered":"Allez chez les Welsches!"},"content":{"rendered":"<p>FDP-Nationalrat Fathi Derder l\u00f6ste am Dienstag im Bundeshaus Entr\u00fcstung aus. In einer Kolumne in Le Temps kritisierte er, dass Deutschschweizer schlecht Franz\u00f6sisch k\u00f6nnten.<\/p>\n<p>Zusammen mit Steffi vom Tagi bin\u00a0ich dieser Behauptung gestern auf der Spur gegangen: In unserem\u00a0<a href=\"http:\/\/www.tagesanzeiger.ch\/news\/standard\/herr-blocher-wer-spricht-am-schlechtesten-franzoesisch\/story\/13039168\">Video<\/a> bewiesen\u00a0die Politiker von links wie rechts aber, dass es um ihr fran\u00e7ais (f\u00e9d\u00e9ral) ausgezeichnet steht.<\/p>\n<p>Dass unsere zweitverbreiteste Landessprache unter dem gr\u00fcnen Kuppeldach in Bern niemanden zum Schwitzen bringt, erstaunt kaum. Werden die Ratsdebatten schliesslich oft in zwei oder sogar drei Sprachen gef\u00fchrt.<\/p>\n<p><b>\u00d6fters in die Romandie<\/b><\/p>\n<p>Fathi Derder hat aber Recht: viele Deutschschweizer sprechen kein oder ein nur sehr schlechtes Franz\u00f6sisch. Je j\u00fcnger die Generation, desto weniger. Franz\u00f6sisch mutierte sich in den letzten Jahren zum Hass-Fach vieler Gymnasiasten. Das ist schade.<\/p>\n<p>Dabei ist das Franz\u00f6sische nah! Vielen kommt es trotzdem nicht in den Sinn, am Wochenende einen Abstecher in den Westen zu machen. Deshalb hier <strong>drei Events chez les Welsches<\/strong>, die man franz\u00f6sisch oder auch schweigend geniessen kann:<\/p>\n<p><strong>FIFF: Filmfestival in Fribourg, M\u00e4rz<\/strong>: Mein Lieblings-Filmfestival. Klein, aber fein. Der Schwerpunkt liegt auf Low-Budget und Non-Mainstream. Eine absolute Perle f\u00fcr Insidertipps. Das Programm ist nach Kategorien sortiert, neben den Wettbewerbsfilmen sind besonders empfehlenswert auch die Sektion \u201cterra incognita\u201d, wo jeweils ein filmunbekanntes Land sein Talent vorstellen darf. www.fiff.ch<\/p>\n<p><strong>BD-fil: Comic-Festival, Lausanne, September<\/strong>. Das welsche Pendant zum Comic-Festival in Luzern. Definitiv ein Besuch wert. Schliesslich ist der Comic in der frankophonen Kultur geboren. www.bdfil.ch.<\/p>\n<p><strong>Heissluft-Ballon-Festival in Ch\u00e2teau D\u2019Eaux, Januar.<\/strong> Hunderte Fluggef\u00e4hrte in tausend Farben schweben \u00fcber die verschneite Landschaft des Waadtlandes. Mehr muss ich nicht sagen. Perfekter Wochenend-Ausflug.<\/p>\n","protected":false},"excerpt":{"rendered":"<p>FDP-Nationalrat Fathi Derder l\u00f6ste am Dienstag im Bundeshaus Entr\u00fcstung aus. In einer Kolumne in Le Temps kritisierte er, dass Deutschschweizer schlecht Franz\u00f6sisch k\u00f6nnten. Zusammen mit Steffi vom Tagi bin\u00a0ich dieser Behauptung gestern auf der Spur gegangen: In unserem\u00a0Video bewiesen\u00a0die Politiker von links wie rechts aber, dass es um ihr fran\u00e7ais (f\u00e9d\u00e9ral) ausgezeichnet steht. Dass unsere &hellip; <\/p>\n<p class=\"link-more\"><a href=\"https:\/\/fionaendres.ch\/Wordpress\/allez-chez-les-welsches\/\" class=\"more-link\"><span class=\"screen-reader-text\">\u201eAllez chez les Welsches!\u201c<\/span> weiterlesen<\/a><\/p>\n","protected":false},"author":2,"featured_media":0,"comment_status":"open","ping_status":"open","sticky":false,"template":"","format":"standard","meta":{"ngg_post_thumbnail":0,"jetpack_post_was_ever_published":false,"_jetpack_newsletter_access":"","_jetpack_dont_email_post_to_subs":false,"_jetpack_newsletter_tier_id":0,"_jetpack_memberships_contains_paywalled_content":false,"_jetpack_memberships_contains_paid_content":false,"footnotes":""},"categories":[4],"tags":[],"class_list":["post-556","post","type-post","status-publish","format-standard","hentry","category-allgemein"],"jetpack_featured_media_url":"","jetpack_sharing_enabled":true,"jetpack_shortlink":"https:\/\/wp.me\/p6q6BC-8Y","jetpack-related-posts":[],"_links":{"self":[{"href":"https:\/\/fionaendres.ch\/Wordpress\/wp-json\/wp\/v2\/posts\/556"}],"collection":[{"href":"https:\/\/fionaendres.ch\/Wordpress\/wp-json\/wp\/v2\/posts"}],"about":[{"href":"https:\/\/fionaendres.ch\/Wordpress\/wp-json\/wp\/v2\/types\/post"}],"author":[{"embeddable":true,"href":"https:\/\/fionaendres.ch\/Wordpress\/wp-json\/wp\/v2\/users\/2"}],"replies":[{"embeddable":true,"href":"https:\/\/fionaendres.ch\/Wordpress\/wp-json\/wp\/v2\/comments?post=556"}],"version-history":[{"count":4,"href":"https:\/\/fionaendres.ch\/Wordpress\/wp-json\/wp\/v2\/posts\/556\/revisions"}],"predecessor-version":[{"id":560,"href":"https:\/\/fionaendres.ch\/Wordpress\/wp-json\/wp\/v2\/posts\/556\/revisions\/560"}],"wp:attachment":[{"href":"https:\/\/fionaendres.ch\/Wordpress\/wp-json\/wp\/v2\/media?parent=556"}],"wp:term":[{"taxonomy":"category","embeddable":true,"href":"https:\/\/fionaendres.ch\/Wordpress\/wp-json\/wp\/v2\/categories?post=556"},{"taxonomy":"post_tag","embeddable":true,"href":"https:\/\/fionaendres.ch\/Wordpress\/wp-json\/wp\/v2\/tags?post=556"}],"curies":[{"name":"wp","href":"https:\/\/api.w.org\/{rel}","templated":true}]}}