{"id":562,"date":"2016-06-22T15:07:15","date_gmt":"2016-06-22T15:07:15","guid":{"rendered":"http:\/\/fionaendres.ch\/Wordpress\/?p=562"},"modified":"2016-06-24T11:59:45","modified_gmt":"2016-06-24T11:59:45","slug":"es-braucht-eine-community","status":"publish","type":"post","link":"https:\/\/fionaendres.ch\/Wordpress\/es-braucht-eine-community\/","title":{"rendered":"Es braucht eine Community"},"content":{"rendered":"<p>Letzte Woche interviewte ich die Pr\u00e4sidentin des Forums f\u00fcr einen fortschrittlichen Islam, Sa\u00efda Keller-Messahli. Sie ist als Kritikerin bekannt, doch dieses Mal habe ich mit ihr \u00fcber Homosexualit\u00e4t im Islam gesprochen. Denn, was viele nicht wissen: Keller-Messahli bietet auch Beratungen f\u00fcr Muslime an, die zwischen Religion und sexueller Freiheit feststecken.<\/p>\n<p>Im Gespr\u00e4ch schockierte mich vor allem, wie auswegslos die Situation f\u00fcr schwule Muslime ist. Auch in der Schweiz. Einem Land, von dem wir sagen, man k\u00f6nne Freiheiten leben und sich frei bewegen.\u00a0Am wichtigsten w\u00e4re eine Community. In der Schweiz gibt es keine Gruppe f\u00fcr homosexuelle Muslime.<\/p>\n<p>In Amerika und Frankreich gibt es schon Communities. Denn dort gibt es Imame, die sich trauen, zu exponieren. Sie setzen sich daf\u00fcr ein, dass Schwule in der islamischen Gesellschaft akzeptiert werden. Der franz\u00f6sisch-algerische Imam Ludovic-Mohamed Zahed ist selber schwul und damit ein grosses Vorbild f\u00fcr homosexuelle Muslime. Er k\u00e4mpft f\u00fcr einen toleranten Islam und segnet homosexuelle, muslimische Paare.<\/p>\n<p><iframe loading=\"lazy\" src=\"https:\/\/www.youtube.com\/embed\/Ao-uTvOyAsA\" width=\"420\" height=\"315\" frameborder=\"0\" allowfullscreen=\"allowfullscreen\"><\/iframe><br \/>\n<em>Der schwule Imam Ludovic-Mohamed Zahed in einer Talkshow.<\/em><\/p>\n<p>Es gibt in der Schweiz f\u00fcr homosexuelle Muslime noch keine M\u00f6glichkeit, sich auszutauschen und von den Erfahrungen anderer zu profitieren. Es w\u00e4re sehr wichtig, dass sich Leute, die ihr Coming-Out schon hinter sich haben, zusammenraffen, und eine solche Gruppe auf die Beine stellen. Denn laut Keller-Messahli gibt es noch keine, weil in der Schweiz eine Figur fehlt, die f\u00fcr die Rechte homosexueller Muslime hinsteht.<\/p>\n<p>Das Interview kann man <a href=\"http:\/\/www.sonntagszeitung.ch\/read\/sz_19_06_2016\/fokus\/Ein-Schwuler-ist-eine-Schande-fuer-die-ganze-Sippe-66788\">hier <\/a>lesen.<\/p>\n","protected":false},"excerpt":{"rendered":"<p>Letzte Woche interviewte ich die Pr\u00e4sidentin des Forums f\u00fcr einen fortschrittlichen Islam, Sa\u00efda Keller-Messahli. Sie ist als Kritikerin bekannt, doch dieses Mal habe ich mit ihr \u00fcber Homosexualit\u00e4t im Islam gesprochen. Denn, was viele nicht wissen: Keller-Messahli bietet auch Beratungen f\u00fcr Muslime an, die zwischen Religion und sexueller Freiheit feststecken. Im Gespr\u00e4ch schockierte mich vor &hellip; <\/p>\n<p class=\"link-more\"><a href=\"https:\/\/fionaendres.ch\/Wordpress\/es-braucht-eine-community\/\" class=\"more-link\"><span class=\"screen-reader-text\">\u201eEs braucht eine Community\u201c<\/span> weiterlesen<\/a><\/p>\n","protected":false},"author":2,"featured_media":0,"comment_status":"open","ping_status":"open","sticky":false,"template":"","format":"standard","meta":{"ngg_post_thumbnail":0,"jetpack_post_was_ever_published":false,"_jetpack_newsletter_access":"","_jetpack_dont_email_post_to_subs":false,"_jetpack_newsletter_tier_id":0,"_jetpack_memberships_contains_paywalled_content":false,"_jetpack_memberships_contains_paid_content":false,"footnotes":""},"categories":[4],"tags":[],"class_list":["post-562","post","type-post","status-publish","format-standard","hentry","category-allgemein"],"jetpack_featured_media_url":"","jetpack_sharing_enabled":true,"jetpack_shortlink":"https:\/\/wp.me\/p6q6BC-94","jetpack-related-posts":[],"_links":{"self":[{"href":"https:\/\/fionaendres.ch\/Wordpress\/wp-json\/wp\/v2\/posts\/562"}],"collection":[{"href":"https:\/\/fionaendres.ch\/Wordpress\/wp-json\/wp\/v2\/posts"}],"about":[{"href":"https:\/\/fionaendres.ch\/Wordpress\/wp-json\/wp\/v2\/types\/post"}],"author":[{"embeddable":true,"href":"https:\/\/fionaendres.ch\/Wordpress\/wp-json\/wp\/v2\/users\/2"}],"replies":[{"embeddable":true,"href":"https:\/\/fionaendres.ch\/Wordpress\/wp-json\/wp\/v2\/comments?post=562"}],"version-history":[{"count":9,"href":"https:\/\/fionaendres.ch\/Wordpress\/wp-json\/wp\/v2\/posts\/562\/revisions"}],"predecessor-version":[{"id":572,"href":"https:\/\/fionaendres.ch\/Wordpress\/wp-json\/wp\/v2\/posts\/562\/revisions\/572"}],"wp:attachment":[{"href":"https:\/\/fionaendres.ch\/Wordpress\/wp-json\/wp\/v2\/media?parent=562"}],"wp:term":[{"taxonomy":"category","embeddable":true,"href":"https:\/\/fionaendres.ch\/Wordpress\/wp-json\/wp\/v2\/categories?post=562"},{"taxonomy":"post_tag","embeddable":true,"href":"https:\/\/fionaendres.ch\/Wordpress\/wp-json\/wp\/v2\/tags?post=562"}],"curies":[{"name":"wp","href":"https:\/\/api.w.org\/{rel}","templated":true}]}}