{"id":574,"date":"2016-08-30T19:27:58","date_gmt":"2016-08-30T19:27:58","guid":{"rendered":"http:\/\/fionaendres.ch\/Wordpress\/?p=574"},"modified":"2016-10-17T08:56:23","modified_gmt":"2016-10-17T08:56:23","slug":"wenn-dich-das-handy-im-griff-hat","status":"publish","type":"post","link":"https:\/\/fionaendres.ch\/Wordpress\/wenn-dich-das-handy-im-griff-hat\/","title":{"rendered":"Wenn dich das Handy im Griff hat"},"content":{"rendered":"<p>Letzte Woche erschien meine Reportage \u00fcber Daniel Hellemann. Der 27-J\u00e4hrige hat sich vor einem Jahr entschieden, ohne Handy zu leben. Weil es ihn gl\u00fccklich macht.<\/p>\n<p>Wie es ihm dabei ergeht und warum eine Kollegin ihm die Freundschaft k\u00fcndete, kann man hier nachlesen: http:\/\/sonntagszeitung.ch\/read\/sz_14_08_2016\/fokus\/Der-Mann-zieht-seine-Nummer-ab-70687<\/p>\n<p>Wenn Daniel \u00fcber sein handyloses Leben spricht, l\u00e4chelt er. Ich habe ihm von der ersten Minute an abgenommen, dass er nicht aus einer Mode oder einer verr\u00fcckten Idee auf das Smartphone verzichtet. Er glaubt an echte Freundschaften, unverf\u00e4lschte Gef\u00fchle und den Wert tiefgr\u00fcndiger Gespr\u00e4che. Und er hat mich \u00fcberzeugt, dass das Handy in gewissen Situationen davon ablenken kann.<\/p>\n<p>Es hat mich beeindruckt, wie Daniel so locker auf die praktischen Seiten des Handys verzichten kann. Und viel gewinnt. Und ich habe gemerkt: Das w\u00fcrde mir (und sicher auch dir) f\u00fcr die eine oder andere Stunde auch gut tun.<\/p>\n","protected":false},"excerpt":{"rendered":"<p>Letzte Woche erschien meine Reportage \u00fcber Daniel Hellemann. Der 27-J\u00e4hrige hat sich vor einem Jahr entschieden, ohne Handy zu leben. Weil es ihn gl\u00fccklich macht. Wie es ihm dabei ergeht und warum eine Kollegin ihm die Freundschaft k\u00fcndete, kann man hier nachlesen: http:\/\/sonntagszeitung.ch\/read\/sz_14_08_2016\/fokus\/Der-Mann-zieht-seine-Nummer-ab-70687 Wenn Daniel \u00fcber sein handyloses Leben spricht, l\u00e4chelt er. Ich habe ihm &hellip; <\/p>\n<p class=\"link-more\"><a href=\"https:\/\/fionaendres.ch\/Wordpress\/wenn-dich-das-handy-im-griff-hat\/\" class=\"more-link\"><span class=\"screen-reader-text\">\u201eWenn dich das Handy im Griff hat\u201c<\/span> weiterlesen<\/a><\/p>\n","protected":false},"author":2,"featured_media":0,"comment_status":"open","ping_status":"open","sticky":false,"template":"","format":"standard","meta":{"ngg_post_thumbnail":0,"jetpack_post_was_ever_published":false,"_jetpack_newsletter_access":"","_jetpack_dont_email_post_to_subs":false,"_jetpack_newsletter_tier_id":0,"_jetpack_memberships_contains_paywalled_content":false,"_jetpack_memberships_contains_paid_content":false,"footnotes":""},"categories":[27,4],"tags":[],"class_list":["post-574","post","type-post","status-publish","format-standard","hentry","category-menschen","category-allgemein"],"jetpack_featured_media_url":"","jetpack_sharing_enabled":true,"jetpack_shortlink":"https:\/\/wp.me\/p6q6BC-9g","jetpack-related-posts":[],"_links":{"self":[{"href":"https:\/\/fionaendres.ch\/Wordpress\/wp-json\/wp\/v2\/posts\/574"}],"collection":[{"href":"https:\/\/fionaendres.ch\/Wordpress\/wp-json\/wp\/v2\/posts"}],"about":[{"href":"https:\/\/fionaendres.ch\/Wordpress\/wp-json\/wp\/v2\/types\/post"}],"author":[{"embeddable":true,"href":"https:\/\/fionaendres.ch\/Wordpress\/wp-json\/wp\/v2\/users\/2"}],"replies":[{"embeddable":true,"href":"https:\/\/fionaendres.ch\/Wordpress\/wp-json\/wp\/v2\/comments?post=574"}],"version-history":[{"count":1,"href":"https:\/\/fionaendres.ch\/Wordpress\/wp-json\/wp\/v2\/posts\/574\/revisions"}],"predecessor-version":[{"id":575,"href":"https:\/\/fionaendres.ch\/Wordpress\/wp-json\/wp\/v2\/posts\/574\/revisions\/575"}],"wp:attachment":[{"href":"https:\/\/fionaendres.ch\/Wordpress\/wp-json\/wp\/v2\/media?parent=574"}],"wp:term":[{"taxonomy":"category","embeddable":true,"href":"https:\/\/fionaendres.ch\/Wordpress\/wp-json\/wp\/v2\/categories?post=574"},{"taxonomy":"post_tag","embeddable":true,"href":"https:\/\/fionaendres.ch\/Wordpress\/wp-json\/wp\/v2\/tags?post=574"}],"curies":[{"name":"wp","href":"https:\/\/api.w.org\/{rel}","templated":true}]}}