{"id":995,"date":"2017-12-22T16:18:07","date_gmt":"2017-12-22T16:18:07","guid":{"rendered":"http:\/\/fionaendres.ch\/Wordpress\/?p=995"},"modified":"2020-04-27T12:13:13","modified_gmt":"2020-04-27T12:13:13","slug":"schmutzli-am-pranger","status":"publish","type":"post","link":"https:\/\/fionaendres.ch\/Wordpress\/schmutzli-am-pranger\/","title":{"rendered":"Schmutzli am Pranger"},"content":{"rendered":"<p>In den Niederlanden sorgt das traditionelle Samichlausfest jedes Jahr f\u00fcr Schl\u00e4gereien und Polizeieins\u00e4tze. Im Zentrum steht der niederl\u00e4ndische Schmutzli, der \u00abZwarte Piet\u00bb, der Schwarze Peter. Er tritt mit schwarzer Gesichtsfarbe, dicken roten Lippen und Afroper\u00fccke auf. Antirassistische Gruppen sehen darin eine Diskriminierung. Das wiederum emp\u00f6rt die zahlreichen Anh\u00e4nger des \u00abPiet\u00bb. Die \u00abRundschau\u00bb-Reportage \u00fcber die umk\u00e4mpfte Samichlaus-Saison.<\/p>\n<p><img data-recalc-dims=\"1\" loading=\"lazy\" decoding=\"async\" class=\"aligncenter size-full wp-image-996\" src=\"https:\/\/i0.wp.com\/fionaendres.ch\/Wordpress\/wp-content\/uploads\/2017\/12\/zwartepiet.jpg?resize=525%2C295\" alt=\"\" width=\"525\" height=\"295\" srcset=\"https:\/\/i0.wp.com\/fionaendres.ch\/Wordpress\/wp-content\/uploads\/2017\/12\/zwartepiet.jpg?w=944&amp;ssl=1 944w, https:\/\/i0.wp.com\/fionaendres.ch\/Wordpress\/wp-content\/uploads\/2017\/12\/zwartepiet.jpg?resize=595%2C335&amp;ssl=1 595w, https:\/\/i0.wp.com\/fionaendres.ch\/Wordpress\/wp-content\/uploads\/2017\/12\/zwartepiet.jpg?resize=768%2C432&amp;ssl=1 768w, https:\/\/i0.wp.com\/fionaendres.ch\/Wordpress\/wp-content\/uploads\/2017\/12\/zwartepiet.jpg?resize=400%2C225&amp;ssl=1 400w, https:\/\/i0.wp.com\/fionaendres.ch\/Wordpress\/wp-content\/uploads\/2017\/12\/zwartepiet.jpg?resize=900%2C506&amp;ssl=1 900w\" sizes=\"(max-width: 706px) 89vw, (max-width: 767px) 82vw, 740px\" \/><\/p>\n<p><em>Als ich 2014\/2015 wegen meines Master-Studiums in der Niederlande wohnte, habe ich die Debatte rund um Zwarte Piet das erste Mal erlebt. Als ich die schwarz geschminkte Figur das erste Mal gesehen habe, hat mich das doch sehr gewundert. Wer damit nicht aufgewachsen ist, kann die starken Kindheitserinnerungen vieler Holl\u00e4nder f\u00fcr den Zwarte Piet nicht so einfach nachvollziehen. Schl\u00fcsselmoment f\u00fcr mich war aber eine WG-Party, die um 2 Uhr nachts wegen Zwarte Piet geendet hat. Irgendwer hat angefangen, dar\u00fcber zu diskutieren, nach wenigen Minuten sind Tr\u00e4nen geflossen und sogar Bier geflogen. Dass eine sonst so fortschrittliche Nation wegen einer Kinderfigur so aufgebracht wird, hat mich fasziniert. Und ich wusste: einmal, einmal werde ich eine Reportage \u00fcber den Zwarte Piet machen.\u00a0<\/em><\/p>\n<p>Zur Repo geht&#8217;s hier:<\/p>\n<p>https:\/\/www.srf.ch\/play\/tv\/redirect\/detail\/21d21862-196e-46b7-be1f-39cdaa1b79c3<\/p>\n","protected":false},"excerpt":{"rendered":"<p>In den Niederlanden sorgt das traditionelle Samichlausfest jedes Jahr f\u00fcr Schl\u00e4gereien und Polizeieins\u00e4tze. Im Zentrum steht der niederl\u00e4ndische Schmutzli, der \u00abZwarte Piet\u00bb, der Schwarze Peter. Er tritt mit schwarzer Gesichtsfarbe, dicken roten Lippen und Afroper\u00fccke auf. Antirassistische Gruppen sehen darin eine Diskriminierung. Das wiederum emp\u00f6rt die zahlreichen Anh\u00e4nger des \u00abPiet\u00bb. Die \u00abRundschau\u00bb-Reportage \u00fcber die umk\u00e4mpfte &hellip; <\/p>\n<p class=\"link-more\"><a href=\"https:\/\/fionaendres.ch\/Wordpress\/schmutzli-am-pranger\/\" class=\"more-link\"><span class=\"screen-reader-text\">\u201eSchmutzli am Pranger\u201c<\/span> weiterlesen<\/a><\/p>\n","protected":false},"author":2,"featured_media":0,"comment_status":"closed","ping_status":"open","sticky":false,"template":"","format":"standard","meta":{"ngg_post_thumbnail":0,"jetpack_post_was_ever_published":false,"_jetpack_newsletter_access":"","_jetpack_dont_email_post_to_subs":false,"_jetpack_newsletter_tier_id":0,"_jetpack_memberships_contains_paywalled_content":false,"_jetpack_memberships_contains_paid_content":false,"footnotes":""},"categories":[31],"tags":[],"class_list":["post-995","post","type-post","status-publish","format-standard","hentry","category-reportagen"],"jetpack_featured_media_url":"","jetpack_sharing_enabled":true,"jetpack_shortlink":"https:\/\/wp.me\/p6q6BC-g3","jetpack-related-posts":[],"_links":{"self":[{"href":"https:\/\/fionaendres.ch\/Wordpress\/wp-json\/wp\/v2\/posts\/995"}],"collection":[{"href":"https:\/\/fionaendres.ch\/Wordpress\/wp-json\/wp\/v2\/posts"}],"about":[{"href":"https:\/\/fionaendres.ch\/Wordpress\/wp-json\/wp\/v2\/types\/post"}],"author":[{"embeddable":true,"href":"https:\/\/fionaendres.ch\/Wordpress\/wp-json\/wp\/v2\/users\/2"}],"replies":[{"embeddable":true,"href":"https:\/\/fionaendres.ch\/Wordpress\/wp-json\/wp\/v2\/comments?post=995"}],"version-history":[{"count":1,"href":"https:\/\/fionaendres.ch\/Wordpress\/wp-json\/wp\/v2\/posts\/995\/revisions"}],"predecessor-version":[{"id":997,"href":"https:\/\/fionaendres.ch\/Wordpress\/wp-json\/wp\/v2\/posts\/995\/revisions\/997"}],"wp:attachment":[{"href":"https:\/\/fionaendres.ch\/Wordpress\/wp-json\/wp\/v2\/media?parent=995"}],"wp:term":[{"taxonomy":"category","embeddable":true,"href":"https:\/\/fionaendres.ch\/Wordpress\/wp-json\/wp\/v2\/categories?post=995"},{"taxonomy":"post_tag","embeddable":true,"href":"https:\/\/fionaendres.ch\/Wordpress\/wp-json\/wp\/v2\/tags?post=995"}],"curies":[{"name":"wp","href":"https:\/\/api.w.org\/{rel}","templated":true}]}}